{"id":886,"date":"2019-10-19T16:33:12","date_gmt":"2019-10-19T16:33:12","guid":{"rendered":"http:\/\/blog.walcker.com\/?p=886"},"modified":"2019-10-20T10:33:15","modified_gmt":"2019-10-20T10:33:15","slug":"die-schoeler-orgel-aus-1764-in-doersdorf","status":"publish","type":"post","link":"https:\/\/blog.walcker.com\/?p=886","title":{"rendered":"Die Sch\u00f6ler-Orgel aus 1764 in D\u00f6rsdorf"},"content":{"rendered":"<p style=\"margin: 0in; font-family: Calibri; font-size: 11.0pt;\"><span style=\"font-family: georgia, palatino, serif;\">Bei einer Reinigung und klanglichen \u00dcberholung in D\u00f6rsdorf (Rhein-Lahnkreis).<\/span><\/p>\n<p><img data-recalc-dims=\"1\" loading=\"lazy\" decoding=\"async\" data-attachment-id=\"887\" data-permalink=\"https:\/\/blog.walcker.com\/?attachment_id=887\" data-orig-file=\"https:\/\/i0.wp.com\/blog.walcker.com\/wp-content\/uploads\/2019\/10\/N72_7472-Bearbeitet.jpg?fit=1051%2C1200&amp;ssl=1\" data-orig-size=\"1051,1200\" data-comments-opened=\"1\" data-image-meta=\"{&quot;aperture&quot;:&quot;0&quot;,&quot;credit&quot;:&quot;gwm20188K&quot;,&quot;camera&quot;:&quot;&quot;,&quot;caption&quot;:&quot;&quot;,&quot;created_timestamp&quot;:&quot;1571390711&quot;,&quot;copyright&quot;:&quot;gwm2019&quot;,&quot;focal_length&quot;:&quot;0&quot;,&quot;iso&quot;:&quot;0&quot;,&quot;shutter_speed&quot;:&quot;0&quot;,&quot;title&quot;:&quot;&quot;,&quot;orientation&quot;:&quot;0&quot;}\" data-image-title=\"N72_7472-Bearbeitet\" data-image-description=\"\" data-image-caption=\"\" data-medium-file=\"https:\/\/i0.wp.com\/blog.walcker.com\/wp-content\/uploads\/2019\/10\/N72_7472-Bearbeitet.jpg?fit=263%2C300&amp;ssl=1\" data-large-file=\"https:\/\/i0.wp.com\/blog.walcker.com\/wp-content\/uploads\/2019\/10\/N72_7472-Bearbeitet.jpg?fit=640%2C731&amp;ssl=1\" class=\"wp-image-887 aligncenter\" src=\"https:\/\/i0.wp.com\/blog.walcker.com\/wp-content\/uploads\/2019\/10\/N72_7472-Bearbeitet.jpg?resize=545%2C622\" alt=\"\" width=\"545\" height=\"622\" srcset=\"https:\/\/i0.wp.com\/blog.walcker.com\/wp-content\/uploads\/2019\/10\/N72_7472-Bearbeitet.jpg?w=1051&amp;ssl=1 1051w, https:\/\/i0.wp.com\/blog.walcker.com\/wp-content\/uploads\/2019\/10\/N72_7472-Bearbeitet.jpg?resize=263%2C300&amp;ssl=1 263w, https:\/\/i0.wp.com\/blog.walcker.com\/wp-content\/uploads\/2019\/10\/N72_7472-Bearbeitet.jpg?resize=768%2C877&amp;ssl=1 768w, https:\/\/i0.wp.com\/blog.walcker.com\/wp-content\/uploads\/2019\/10\/N72_7472-Bearbeitet.jpg?resize=897%2C1024&amp;ssl=1 897w\" sizes=\"(max-width: 545px) 100vw, 545px\" \/><\/p>\n<p style=\"margin: 0in; font-family: Calibri; font-size: 11.0pt;\"><span style=\"font-family: georgia, palatino, serif;\">Die Orgel urspr\u00fcnglich gebaut von Sch\u00f6ler 1764 wurde seit dieser Zeit etliche Male gereinigt und im Pfeifenwerk erneuert, zuletzt wohl von Oberlinger in den 1980er Jahren. Der hier gezeigte Magazinbalg wurde 1909 neu eingebaut.<\/span><\/p>\n<p>&nbsp;<\/p>\n<p style=\"margin: 0in; font-family: Calibri; font-size: 11pt;\"><span style=\"font-weight: bold; text-decoration: underline; font-family: georgia, palatino, serif;\">Manual C-d3 =51<\/span><\/p>\n<ol style=\"margin-left: .375in; direction: ltr; unicode-bidi: embed; margin-top: 0in; margin-bottom: 0in; font-family: Calibri; font-size: 11.0pt; font-weight: normal; font-style: normal;\" type=\"1\">\n<li style=\"margin-top: 0; margin-bottom: 0; vertical-align: middle;\" value=\"1\"><span style=\"font-family: georgia, palatino, serif; font-size: 11pt; font-weight: normal; font-style: normal;\">Principal 4 Fuss<\/span><\/li>\n<li style=\"margin-top: 0; margin-bottom: 0; vertical-align: middle;\"><span style=\"font-family: georgia, palatino, serif; font-size: 11pt;\">Viol di Gamba 8 Fuss<\/span><\/li>\n<li style=\"margin-top: 0; margin-bottom: 0; vertical-align: middle;\"><span style=\"font-family: georgia, palatino, serif; font-size: 11pt;\">Gedact 8 Fuss<\/span><\/li>\n<li style=\"margin-top: 0; margin-bottom: 0; vertical-align: middle;\"><span style=\"font-family: georgia, palatino, serif; font-size: 11pt;\">Salicional 4 Fuss<\/span><\/li>\n<li style=\"margin-top: 0; margin-bottom: 0; vertical-align: middle;\"><span style=\"font-family: georgia, palatino, serif; font-size: 11pt;\">Fleut travers 4 Fuss<\/span><\/li>\n<li style=\"margin-top: 0; margin-bottom: 0; vertical-align: middle;\"><span style=\"font-family: georgia, palatino, serif; font-size: 11pt;\">Quint 3 Fuss<\/span><\/li>\n<li style=\"margin-top: 0; margin-bottom: 0; vertical-align: middle;\"><span style=\"font-family: georgia, palatino, serif; font-size: 11pt;\">Kleingedact 4 Fuss<\/span><\/li>\n<li style=\"margin-top: 0; margin-bottom: 0; vertical-align: middle;\"><span style=\"font-family: georgia, palatino, serif; font-size: 11pt;\">Octav 2 Fuss<\/span><\/li>\n<li style=\"margin-top: 0; margin-bottom: 0; vertical-align: middle;\"><span style=\"font-family: georgia, palatino, serif; font-size: 11pt;\">Mixtur 3 fach<\/span><\/li>\n<li style=\"margin-top: 0; margin-bottom: 0; vertical-align: middle;\"><span style=\"font-family: georgia, palatino, serif; font-size: 11pt;\">Trompeta 8 Fuss<\/span><\/li>\n<li style=\"margin-top: 0; margin-bottom: 0; vertical-align: middle;\"><span style=\"font-family: georgia, palatino, serif; font-size: 11pt;\">Vox humana 8 Fuss<\/span><\/li>\n<\/ol>\n<p style=\"margin: 0in; font-family: Calibri; font-size: 11.0pt;\"><span style=\"font-family: georgia, palatino, serif;\"><span style=\"font-weight: bold; text-decoration: underline;\">Pedal C-ds1<\/span> 28 Tasten<\/span><\/p>\n<ol style=\"margin-left: .375in; direction: ltr; unicode-bidi: embed; margin-top: 0in; margin-bottom: 0in; font-family: Calibri; font-size: 11.0pt; font-weight: normal; font-style: normal;\" type=\"1\">\n<li style=\"margin-top: 0; margin-bottom: 0; vertical-align: middle;\" value=\"12\"><span style=\"font-family: georgia, palatino, serif; font-size: 11pt; font-weight: normal; font-style: normal;\">Subbass 16 Fuss<\/span><\/li>\n<li style=\"margin-top: 0; margin-bottom: 0; vertical-align: middle;\"><span style=\"font-family: georgia, palatino, serif; font-size: 11pt;\">Octavbass 8 Fuss<\/span><\/li>\n<\/ol>\n<p style=\"padding-left: 40px;\"><span style=\"font-size: 12pt;\">Wie schon der selige <strong>Joh. Christian Wolfram<\/strong> in seinem Buche &#8222;<strong>Anleitung zur Kenntni\u00df, Beurtheilung und Erhaltung der Orgeln<\/strong>&#8220; , kurz &#8222;Orgel f\u00fcr Dummies&#8220; bereits im Jahre 1815 schrieb, sollte man dem Balge besondere Pflege und Widmung erfahren lassen. Hier l\u00e4ge ein besonderes \u00dcbel im Argen, weil neben den tollp\u00e4tschigen Calcanten, welche immerfort den Balgschemel sehr unsanft niedertreten (oder sie springen wohl gar w\u00e4hrend dem Treten von einem Balgschemel auf den anderen und bewirken dadurch ein sehr empfindliches Schwanken des Orgeltones, es noch andere Tollpatschen giebt, die unn\u00fctzes Zeug wie Wurstpfannen oder Brotmahlzeiten auf dem Balg am Sonntagmorgen verspeisen, w\u00e4hrend die Orgel zum Choralvorspiel anzuheben gedacht, aber missliebiges Tonzeugs erscholl. Entgegen den \u00fcblen Gewohnheiten mancher Calcanten, die bei schwer zu tretenden B\u00e4lgen einige der aufgelegten Balggewichte entfernten, um sich die Arbeit zu erleichtern, fanden wir das Gegenteil an diesem Balg bewerkstelligt: manch einfaltiges Putzpersonal gedachte sich \u00fcbrig gebliebenem Kirchenr\u00fcstzeugs zu entledigen und solches auf dem Balg einzulagern. Die gewohnten 30 Zoll Windprobe der zusammen gepre\u00dften Luft\u00a0 in dem Balg sollten so um gute 10 Prozente hochgeschnellt worden sein, was Stimmung und Klang solcherlei Orgeln aufs Unleidigste gesteigert haben. <em>(dieses B\u00fcchlein des Organisten aus Goldbach bei Gotha kann bei mir kostenfrei bezogen werden, da ich eins davon \u00fcbrig habe)<\/em><\/span><\/p>\n<p><img data-recalc-dims=\"1\" loading=\"lazy\" decoding=\"async\" data-attachment-id=\"888\" data-permalink=\"https:\/\/blog.walcker.com\/?attachment_id=888\" data-orig-file=\"https:\/\/i0.wp.com\/blog.walcker.com\/wp-content\/uploads\/2019\/10\/IMG_9534.jpg?fit=1200%2C900&amp;ssl=1\" data-orig-size=\"1200,900\" data-comments-opened=\"1\" data-image-meta=\"{&quot;aperture&quot;:&quot;0&quot;,&quot;credit&quot;:&quot;&quot;,&quot;camera&quot;:&quot;&quot;,&quot;caption&quot;:&quot;&quot;,&quot;created_timestamp&quot;:&quot;1571144411&quot;,&quot;copyright&quot;:&quot;&quot;,&quot;focal_length&quot;:&quot;0&quot;,&quot;iso&quot;:&quot;0&quot;,&quot;shutter_speed&quot;:&quot;0&quot;,&quot;title&quot;:&quot;&quot;,&quot;orientation&quot;:&quot;0&quot;}\" data-image-title=\"IMG_9534\" data-image-description=\"\" data-image-caption=\"\" data-medium-file=\"https:\/\/i0.wp.com\/blog.walcker.com\/wp-content\/uploads\/2019\/10\/IMG_9534.jpg?fit=300%2C225&amp;ssl=1\" data-large-file=\"https:\/\/i0.wp.com\/blog.walcker.com\/wp-content\/uploads\/2019\/10\/IMG_9534.jpg?fit=640%2C480&amp;ssl=1\" class=\"wp-image-888 aligncenter\" src=\"https:\/\/i0.wp.com\/blog.walcker.com\/wp-content\/uploads\/2019\/10\/IMG_9534.jpg?resize=536%2C402\" alt=\"\" width=\"536\" height=\"402\" srcset=\"https:\/\/i0.wp.com\/blog.walcker.com\/wp-content\/uploads\/2019\/10\/IMG_9534.jpg?w=1200&amp;ssl=1 1200w, https:\/\/i0.wp.com\/blog.walcker.com\/wp-content\/uploads\/2019\/10\/IMG_9534.jpg?resize=300%2C225&amp;ssl=1 300w, https:\/\/i0.wp.com\/blog.walcker.com\/wp-content\/uploads\/2019\/10\/IMG_9534.jpg?resize=768%2C576&amp;ssl=1 768w, https:\/\/i0.wp.com\/blog.walcker.com\/wp-content\/uploads\/2019\/10\/IMG_9534.jpg?resize=1024%2C768&amp;ssl=1 1024w\" sizes=\"(max-width: 536px) 100vw, 536px\" \/><\/p>\n<p>Hier noch eine Anmerkung aus jenem Jahr 1909 den Magazinbalg betreffend:<\/p>\n<p><img data-recalc-dims=\"1\" loading=\"lazy\" decoding=\"async\" data-attachment-id=\"889\" data-permalink=\"https:\/\/blog.walcker.com\/?attachment_id=889\" data-orig-file=\"https:\/\/i0.wp.com\/blog.walcker.com\/wp-content\/uploads\/2019\/10\/IMG_9578.jpg?fit=1200%2C900&amp;ssl=1\" data-orig-size=\"1200,900\" data-comments-opened=\"1\" data-image-meta=\"{&quot;aperture&quot;:&quot;0&quot;,&quot;credit&quot;:&quot;&quot;,&quot;camera&quot;:&quot;&quot;,&quot;caption&quot;:&quot;&quot;,&quot;created_timestamp&quot;:&quot;1571305448&quot;,&quot;copyright&quot;:&quot;&quot;,&quot;focal_length&quot;:&quot;0&quot;,&quot;iso&quot;:&quot;0&quot;,&quot;shutter_speed&quot;:&quot;0&quot;,&quot;title&quot;:&quot;&quot;,&quot;orientation&quot;:&quot;0&quot;}\" data-image-title=\"IMG_9578\" data-image-description=\"\" data-image-caption=\"\" data-medium-file=\"https:\/\/i0.wp.com\/blog.walcker.com\/wp-content\/uploads\/2019\/10\/IMG_9578.jpg?fit=300%2C225&amp;ssl=1\" data-large-file=\"https:\/\/i0.wp.com\/blog.walcker.com\/wp-content\/uploads\/2019\/10\/IMG_9578.jpg?fit=640%2C480&amp;ssl=1\" class=\"wp-image-889 aligncenter\" src=\"https:\/\/i0.wp.com\/blog.walcker.com\/wp-content\/uploads\/2019\/10\/IMG_9578.jpg?resize=536%2C402\" alt=\"\" width=\"536\" height=\"402\" srcset=\"https:\/\/i0.wp.com\/blog.walcker.com\/wp-content\/uploads\/2019\/10\/IMG_9578.jpg?w=1200&amp;ssl=1 1200w, https:\/\/i0.wp.com\/blog.walcker.com\/wp-content\/uploads\/2019\/10\/IMG_9578.jpg?resize=300%2C225&amp;ssl=1 300w, https:\/\/i0.wp.com\/blog.walcker.com\/wp-content\/uploads\/2019\/10\/IMG_9578.jpg?resize=768%2C576&amp;ssl=1 768w, https:\/\/i0.wp.com\/blog.walcker.com\/wp-content\/uploads\/2019\/10\/IMG_9578.jpg?resize=1024%2C768&amp;ssl=1 1024w\" sizes=\"(max-width: 536px) 100vw, 536px\" \/><\/p>\n<p>Und hier eine Fotografie, die allerhand Unruhe bei unseren Belegschaften verursachte, weil man es so nicht gleich einordnen konnte wohin es denn passen w\u00fcrde. Es handelt sich nicht, wie auf den ersten Blick gedacht, um einen gr\u00f6\u00dferen Orgelraum, sondern um einen Raum zwischen Raster und Stock. Der Lichtfluss jedoch suggeriert einen gro\u00dfen Saal:<\/p>\n<p><img data-recalc-dims=\"1\" loading=\"lazy\" decoding=\"async\" data-attachment-id=\"890\" data-permalink=\"https:\/\/blog.walcker.com\/?attachment_id=890\" data-orig-file=\"https:\/\/i0.wp.com\/blog.walcker.com\/wp-content\/uploads\/2019\/10\/IMG_9567.jpg?fit=1200%2C900&amp;ssl=1\" data-orig-size=\"1200,900\" data-comments-opened=\"1\" data-image-meta=\"{&quot;aperture&quot;:&quot;0&quot;,&quot;credit&quot;:&quot;&quot;,&quot;camera&quot;:&quot;&quot;,&quot;caption&quot;:&quot;&quot;,&quot;created_timestamp&quot;:&quot;1571298598&quot;,&quot;copyright&quot;:&quot;&quot;,&quot;focal_length&quot;:&quot;0&quot;,&quot;iso&quot;:&quot;0&quot;,&quot;shutter_speed&quot;:&quot;0&quot;,&quot;title&quot;:&quot;&quot;,&quot;orientation&quot;:&quot;0&quot;}\" data-image-title=\"IMG_9567\" data-image-description=\"\" data-image-caption=\"\" data-medium-file=\"https:\/\/i0.wp.com\/blog.walcker.com\/wp-content\/uploads\/2019\/10\/IMG_9567.jpg?fit=300%2C225&amp;ssl=1\" data-large-file=\"https:\/\/i0.wp.com\/blog.walcker.com\/wp-content\/uploads\/2019\/10\/IMG_9567.jpg?fit=640%2C480&amp;ssl=1\" class=\"alignnone size-full wp-image-890\" src=\"https:\/\/i0.wp.com\/blog.walcker.com\/wp-content\/uploads\/2019\/10\/IMG_9567.jpg?resize=640%2C480\" alt=\"\" width=\"640\" height=\"480\" srcset=\"https:\/\/i0.wp.com\/blog.walcker.com\/wp-content\/uploads\/2019\/10\/IMG_9567.jpg?w=1200&amp;ssl=1 1200w, https:\/\/i0.wp.com\/blog.walcker.com\/wp-content\/uploads\/2019\/10\/IMG_9567.jpg?resize=300%2C225&amp;ssl=1 300w, https:\/\/i0.wp.com\/blog.walcker.com\/wp-content\/uploads\/2019\/10\/IMG_9567.jpg?resize=768%2C576&amp;ssl=1 768w, https:\/\/i0.wp.com\/blog.walcker.com\/wp-content\/uploads\/2019\/10\/IMG_9567.jpg?resize=1024%2C768&amp;ssl=1 1024w\" sizes=\"(max-width: 640px) 100vw, 640px\" \/><\/p>\n<p>Und so sieht der ausger\u00e4umte Pfeifenraum aus, in der Front steht noch der Principal 4&#8242;, wohl das einzige Register, dass eine halbwegs tragbare Intonation von sich gab.<\/p>\n<p><img data-recalc-dims=\"1\" loading=\"lazy\" decoding=\"async\" data-attachment-id=\"891\" data-permalink=\"https:\/\/blog.walcker.com\/?attachment_id=891\" data-orig-file=\"https:\/\/i0.wp.com\/blog.walcker.com\/wp-content\/uploads\/2019\/10\/N72_7415.jpg?fit=800%2C1200&amp;ssl=1\" data-orig-size=\"800,1200\" data-comments-opened=\"1\" data-image-meta=\"{&quot;aperture&quot;:&quot;0&quot;,&quot;credit&quot;:&quot;gwm20188K&quot;,&quot;camera&quot;:&quot;&quot;,&quot;caption&quot;:&quot;&quot;,&quot;created_timestamp&quot;:&quot;1571316135&quot;,&quot;copyright&quot;:&quot;gwm2019&quot;,&quot;focal_length&quot;:&quot;0&quot;,&quot;iso&quot;:&quot;0&quot;,&quot;shutter_speed&quot;:&quot;0&quot;,&quot;title&quot;:&quot;&quot;,&quot;orientation&quot;:&quot;0&quot;}\" data-image-title=\"N72_7415\" data-image-description=\"\" data-image-caption=\"\" data-medium-file=\"https:\/\/i0.wp.com\/blog.walcker.com\/wp-content\/uploads\/2019\/10\/N72_7415.jpg?fit=200%2C300&amp;ssl=1\" data-large-file=\"https:\/\/i0.wp.com\/blog.walcker.com\/wp-content\/uploads\/2019\/10\/N72_7415.jpg?fit=640%2C960&amp;ssl=1\" class=\"alignnone size-full wp-image-891\" src=\"https:\/\/i0.wp.com\/blog.walcker.com\/wp-content\/uploads\/2019\/10\/N72_7415.jpg?resize=640%2C960\" alt=\"\" width=\"640\" height=\"960\" srcset=\"https:\/\/i0.wp.com\/blog.walcker.com\/wp-content\/uploads\/2019\/10\/N72_7415.jpg?w=800&amp;ssl=1 800w, https:\/\/i0.wp.com\/blog.walcker.com\/wp-content\/uploads\/2019\/10\/N72_7415.jpg?resize=200%2C300&amp;ssl=1 200w, https:\/\/i0.wp.com\/blog.walcker.com\/wp-content\/uploads\/2019\/10\/N72_7415.jpg?resize=768%2C1152&amp;ssl=1 768w, https:\/\/i0.wp.com\/blog.walcker.com\/wp-content\/uploads\/2019\/10\/N72_7415.jpg?resize=683%2C1024&amp;ssl=1 683w\" sizes=\"(max-width: 640px) 100vw, 640px\" \/><\/p>\n<p>wird fortgesetzt&#8230;.<\/p>\n<p>gwm<\/p>\n","protected":false},"excerpt":{"rendered":"<p>Bei einer Reinigung und klanglichen \u00dcberholung in D\u00f6rsdorf (Rhein-Lahnkreis). Die Orgel urspr\u00fcnglich gebaut von Sch\u00f6ler 1764 wurde seit dieser Zeit etliche Male gereinigt und im Pfeifenwerk erneuert, zuletzt wohl von Oberlinger in den 1980er Jahren. Der hier gezeigte Magazinbalg wurde &hellip; <a href=\"https:\/\/blog.walcker.com\/?p=886\">Weiterlesen <span class=\"meta-nav\">&rarr;<\/span><\/a><\/p>\n","protected":false},"author":1,"featured_media":893,"comment_status":"open","ping_status":"open","sticky":false,"template":"","format":"standard","meta":{"jetpack_post_was_ever_published":false,"_jetpack_newsletter_access":"","_jetpack_dont_email_post_to_subs":false,"_jetpack_newsletter_tier_id":0,"_jetpack_memberships_contains_paywalled_content":false,"_jetpack_memberships_contains_paid_content":false,"footnotes":"","jetpack_publicize_message":"","jetpack_publicize_feature_enabled":true,"jetpack_social_post_already_shared":true,"jetpack_social_options":{"image_generator_settings":{"template":"highway","enabled":false},"version":2}},"categories":[1,5],"tags":[],"jetpack_publicize_connections":[],"jetpack_featured_media_url":"https:\/\/i0.wp.com\/blog.walcker.com\/wp-content\/uploads\/2019\/10\/doesrdorf_stock0133.jpg?fit=997%2C210&ssl=1","jetpack_sharing_enabled":true,"jetpack_shortlink":"https:\/\/wp.me\/p92XHj-ei","jetpack-related-posts":[],"_links":{"self":[{"href":"https:\/\/blog.walcker.com\/index.php?rest_route=\/wp\/v2\/posts\/886"}],"collection":[{"href":"https:\/\/blog.walcker.com\/index.php?rest_route=\/wp\/v2\/posts"}],"about":[{"href":"https:\/\/blog.walcker.com\/index.php?rest_route=\/wp\/v2\/types\/post"}],"author":[{"embeddable":true,"href":"https:\/\/blog.walcker.com\/index.php?rest_route=\/wp\/v2\/users\/1"}],"replies":[{"embeddable":true,"href":"https:\/\/blog.walcker.com\/index.php?rest_route=%2Fwp%2Fv2%2Fcomments&post=886"}],"version-history":[{"count":3,"href":"https:\/\/blog.walcker.com\/index.php?rest_route=\/wp\/v2\/posts\/886\/revisions"}],"predecessor-version":[{"id":895,"href":"https:\/\/blog.walcker.com\/index.php?rest_route=\/wp\/v2\/posts\/886\/revisions\/895"}],"wp:featuredmedia":[{"embeddable":true,"href":"https:\/\/blog.walcker.com\/index.php?rest_route=\/wp\/v2\/media\/893"}],"wp:attachment":[{"href":"https:\/\/blog.walcker.com\/index.php?rest_route=%2Fwp%2Fv2%2Fmedia&parent=886"}],"wp:term":[{"taxonomy":"category","embeddable":true,"href":"https:\/\/blog.walcker.com\/index.php?rest_route=%2Fwp%2Fv2%2Fcategories&post=886"},{"taxonomy":"post_tag","embeddable":true,"href":"https:\/\/blog.walcker.com\/index.php?rest_route=%2Fwp%2Fv2%2Ftags&post=886"}],"curies":[{"name":"wp","href":"https:\/\/api.w.org\/{rel}","templated":true}]}}