{"id":594,"date":"2018-11-11T02:35:47","date_gmt":"2018-11-11T02:35:47","guid":{"rendered":"http:\/\/blog.walcker.com\/?p=594"},"modified":"2018-11-11T02:46:27","modified_gmt":"2018-11-11T02:46:27","slug":"san-salvador-8-das-ende-erscheint-am-horizont","status":"publish","type":"post","link":"https:\/\/blog.walcker.com\/?p=594","title":{"rendered":"San Salvador (8) das Ende erscheint am Horizont"},"content":{"rendered":"<p>Blanker Sonnenschein, Mayakultur, Pazifik, viel Fisch, viel Fleisch&#8230; so stellt sich die vergangene Arbeitswoche dar, die mit einem &#8222;\u00fcberraschenden&#8220; Besuch in La Libertad an der Pazifikk\u00fcste heute endete. Morgen gehts dann zum Weltkulturerbe der Mayas, das durch einen Vulkanausbruch in Erstarrung der Lavamassen erhalten blieb.<\/p>\n<p>Und unsere Orgel, sie zeigt nun Kraft und F\u00fclle genug die Basilika mit ausreichend Klangvolumen zu s\u00e4ttigen. Das hat mich in ungeheure Ruhe versetzt, denn urspr\u00fcnglich war unklar, wie 13 Register dieses doch ganz passable Kirchengeb\u00e4ude unter akustisches Feuerwerk\u00a0 setzen sollen.<\/p>\n<p><img data-recalc-dims=\"1\" loading=\"lazy\" decoding=\"async\" data-attachment-id=\"596\" data-permalink=\"https:\/\/blog.walcker.com\/?attachment_id=596\" data-orig-file=\"https:\/\/i0.wp.com\/blog.walcker.com\/wp-content\/uploads\/2018\/11\/sansalv_blog08-10.jpg?fit=1333%2C2000&amp;ssl=1\" data-orig-size=\"1333,2000\" data-comments-opened=\"1\" data-image-meta=\"{&quot;aperture&quot;:&quot;2.8&quot;,&quot;credit&quot;:&quot;&quot;,&quot;camera&quot;:&quot;NIKON D5300&quot;,&quot;caption&quot;:&quot;&quot;,&quot;created_timestamp&quot;:&quot;1505391765&quot;,&quot;copyright&quot;:&quot;gewalcker@gmail.com&quot;,&quot;focal_length&quot;:&quot;32&quot;,&quot;iso&quot;:&quot;800&quot;,&quot;shutter_speed&quot;:&quot;0.016666666666667&quot;,&quot;title&quot;:&quot;&quot;,&quot;orientation&quot;:&quot;0&quot;}\" data-image-title=\"sansalv_blog08 (10)\" data-image-description=\"\" data-image-caption=\"\" data-medium-file=\"https:\/\/i0.wp.com\/blog.walcker.com\/wp-content\/uploads\/2018\/11\/sansalv_blog08-10.jpg?fit=200%2C300&amp;ssl=1\" data-large-file=\"https:\/\/i0.wp.com\/blog.walcker.com\/wp-content\/uploads\/2018\/11\/sansalv_blog08-10.jpg?fit=640%2C961&amp;ssl=1\" class=\"wp-image-596 aligncenter\" src=\"https:\/\/i0.wp.com\/blog.walcker.com\/wp-content\/uploads\/2018\/11\/sansalv_blog08-10.jpg?resize=428%2C642\" alt=\"\" width=\"428\" height=\"642\" srcset=\"https:\/\/i0.wp.com\/blog.walcker.com\/wp-content\/uploads\/2018\/11\/sansalv_blog08-10.jpg?w=1333&amp;ssl=1 1333w, https:\/\/i0.wp.com\/blog.walcker.com\/wp-content\/uploads\/2018\/11\/sansalv_blog08-10.jpg?resize=200%2C300&amp;ssl=1 200w, https:\/\/i0.wp.com\/blog.walcker.com\/wp-content\/uploads\/2018\/11\/sansalv_blog08-10.jpg?resize=768%2C1152&amp;ssl=1 768w, https:\/\/i0.wp.com\/blog.walcker.com\/wp-content\/uploads\/2018\/11\/sansalv_blog08-10.jpg?resize=682%2C1024&amp;ssl=1 682w, https:\/\/i0.wp.com\/blog.walcker.com\/wp-content\/uploads\/2018\/11\/sansalv_blog08-10.jpg?w=1280&amp;ssl=1 1280w\" sizes=\"(max-width: 428px) 100vw, 428px\" \/><\/p>\n<p>Wir beginnen hier mit dem Wochenende in La Libertad, das der Organist Jos\u00e9 Maria Castro durch seine Bereitschaft, uns dort hin zu fahren, leicht erm\u00f6glichte. Das Wetter war optimal, wie \u00fcbrigens die ganze Woche. Wenn Regen f\u00e4llt, dann dezent nachts, wo man nicht gest\u00f6rt wird.<\/p>\n<p>Jos\u00e9 und gwm am Pacific (Blickrichtung Fukushima, JP)<\/p>\n<p><img data-recalc-dims=\"1\" loading=\"lazy\" decoding=\"async\" data-attachment-id=\"599\" data-permalink=\"https:\/\/blog.walcker.com\/?attachment_id=599\" data-orig-file=\"https:\/\/i0.wp.com\/blog.walcker.com\/wp-content\/uploads\/2018\/11\/sansalv_blog08-12.jpg?fit=2000%2C1333&amp;ssl=1\" data-orig-size=\"2000,1333\" data-comments-opened=\"1\" data-image-meta=\"{&quot;aperture&quot;:&quot;10&quot;,&quot;credit&quot;:&quot;&quot;,&quot;camera&quot;:&quot;NIKON D5300&quot;,&quot;caption&quot;:&quot;&quot;,&quot;created_timestamp&quot;:&quot;1505391765&quot;,&quot;copyright&quot;:&quot;gewalcker@gmail.com&quot;,&quot;focal_length&quot;:&quot;38&quot;,&quot;iso&quot;:&quot;200&quot;,&quot;shutter_speed&quot;:&quot;0.0025&quot;,&quot;title&quot;:&quot;&quot;,&quot;orientation&quot;:&quot;0&quot;}\" data-image-title=\"sansalv_blog08 (12)\" data-image-description=\"\" data-image-caption=\"\" data-medium-file=\"https:\/\/i0.wp.com\/blog.walcker.com\/wp-content\/uploads\/2018\/11\/sansalv_blog08-12.jpg?fit=300%2C200&amp;ssl=1\" data-large-file=\"https:\/\/i0.wp.com\/blog.walcker.com\/wp-content\/uploads\/2018\/11\/sansalv_blog08-12.jpg?fit=640%2C426&amp;ssl=1\" class=\"alignnone size-full wp-image-599\" src=\"https:\/\/i0.wp.com\/blog.walcker.com\/wp-content\/uploads\/2018\/11\/sansalv_blog08-12.jpg?resize=640%2C427\" alt=\"\" width=\"640\" height=\"427\" srcset=\"https:\/\/i0.wp.com\/blog.walcker.com\/wp-content\/uploads\/2018\/11\/sansalv_blog08-12.jpg?w=2000&amp;ssl=1 2000w, https:\/\/i0.wp.com\/blog.walcker.com\/wp-content\/uploads\/2018\/11\/sansalv_blog08-12.jpg?resize=300%2C200&amp;ssl=1 300w, https:\/\/i0.wp.com\/blog.walcker.com\/wp-content\/uploads\/2018\/11\/sansalv_blog08-12.jpg?resize=768%2C512&amp;ssl=1 768w, https:\/\/i0.wp.com\/blog.walcker.com\/wp-content\/uploads\/2018\/11\/sansalv_blog08-12.jpg?resize=1024%2C682&amp;ssl=1 1024w, https:\/\/i0.wp.com\/blog.walcker.com\/wp-content\/uploads\/2018\/11\/sansalv_blog08-12.jpg?w=1280&amp;ssl=1 1280w, https:\/\/i0.wp.com\/blog.walcker.com\/wp-content\/uploads\/2018\/11\/sansalv_blog08-12.jpg?w=1920&amp;ssl=1 1920w\" sizes=\"(max-width: 640px) 100vw, 640px\" \/><\/p>\n<p>Die Basilika von der anderen Seite der Panamericana fotografiert, l\u00e4sst oben links unsere Werkstatt erkennen, die mit zwei Zeltd\u00e4chern gezeichnet ist.<\/p>\n<p><img data-recalc-dims=\"1\" loading=\"lazy\" decoding=\"async\" data-attachment-id=\"595\" data-permalink=\"https:\/\/blog.walcker.com\/?attachment_id=595\" data-orig-file=\"https:\/\/i0.wp.com\/blog.walcker.com\/wp-content\/uploads\/2018\/11\/sansalv_blog08-8.jpg?fit=1500%2C2000&amp;ssl=1\" data-orig-size=\"1500,2000\" data-comments-opened=\"1\" data-image-meta=\"{&quot;aperture&quot;:&quot;2.2&quot;,&quot;credit&quot;:&quot;&quot;,&quot;camera&quot;:&quot;iPhone 6s&quot;,&quot;caption&quot;:&quot;&quot;,&quot;created_timestamp&quot;:&quot;1505391765&quot;,&quot;copyright&quot;:&quot;gewalcker@gmail.com&quot;,&quot;focal_length&quot;:&quot;4.15&quot;,&quot;iso&quot;:&quot;25&quot;,&quot;shutter_speed&quot;:&quot;0.00071428571428571&quot;,&quot;title&quot;:&quot;&quot;,&quot;orientation&quot;:&quot;0&quot;}\" data-image-title=\"sansalv_blog08 (8)\" data-image-description=\"\" data-image-caption=\"\" data-medium-file=\"https:\/\/i0.wp.com\/blog.walcker.com\/wp-content\/uploads\/2018\/11\/sansalv_blog08-8.jpg?fit=225%2C300&amp;ssl=1\" data-large-file=\"https:\/\/i0.wp.com\/blog.walcker.com\/wp-content\/uploads\/2018\/11\/sansalv_blog08-8.jpg?fit=640%2C853&amp;ssl=1\" class=\"alignnone size-full wp-image-595\" src=\"https:\/\/i0.wp.com\/blog.walcker.com\/wp-content\/uploads\/2018\/11\/sansalv_blog08-8.jpg?resize=640%2C853\" alt=\"\" width=\"640\" height=\"853\" srcset=\"https:\/\/i0.wp.com\/blog.walcker.com\/wp-content\/uploads\/2018\/11\/sansalv_blog08-8.jpg?w=1500&amp;ssl=1 1500w, https:\/\/i0.wp.com\/blog.walcker.com\/wp-content\/uploads\/2018\/11\/sansalv_blog08-8.jpg?resize=225%2C300&amp;ssl=1 225w, https:\/\/i0.wp.com\/blog.walcker.com\/wp-content\/uploads\/2018\/11\/sansalv_blog08-8.jpg?resize=768%2C1024&amp;ssl=1 768w, https:\/\/i0.wp.com\/blog.walcker.com\/wp-content\/uploads\/2018\/11\/sansalv_blog08-8.jpg?w=1280&amp;ssl=1 1280w\" sizes=\"(max-width: 640px) 100vw, 640px\" \/><\/p>\n<p>Arbeitstechnisch haben wir nun alle Register fertig und intoniert, bis auf Mixtur und Subba\u00df. Das wird die kommende Woche erledigt. Danach wird 3 Tage gestimmt und m\u00f6gliche technische Vorkommnisse werden bereinigt. Vielleicht bleibt dann noch Zeit, Chichicastenango, Antiqua, Atitlansee oder andere Unternehmungen abzuhandeln.<\/p>\n<p>Wer t\u00e4glich gef\u00fchlte tausendmal die Orgel rauf-und-runter spaziert ist, der ist froh, wenn ihn mal die Sonne anblinzelt, auch wenn die Temperaturen gut \u00fcber 30 Grad auf unserer Empore sich aufgeladen haben und ewiger Sommer doch kein paradiesischer Zustand ist.<\/p>\n<p>Die Pfeifen werden vom Standplatz aus \u00fcber Niederdr\u00fccken der Magnethebel angesprochen, hier im Bild wird gerade der Bordun 8&#8242; gestimmt, rechts dahinter die Dulciana 8&#8242;, C-H mit Spanischer Kr\u00f6pfung, d.h. ganze L\u00e4nge:<\/p>\n<p><img data-recalc-dims=\"1\" loading=\"lazy\" decoding=\"async\" data-attachment-id=\"597\" data-permalink=\"https:\/\/blog.walcker.com\/?attachment_id=597\" data-orig-file=\"https:\/\/i0.wp.com\/blog.walcker.com\/wp-content\/uploads\/2018\/11\/sansalv_blog08-6.jpg?fit=2000%2C1333&amp;ssl=1\" data-orig-size=\"2000,1333\" data-comments-opened=\"1\" data-image-meta=\"{&quot;aperture&quot;:&quot;2.8&quot;,&quot;credit&quot;:&quot;&quot;,&quot;camera&quot;:&quot;NIKON D5300&quot;,&quot;caption&quot;:&quot;&quot;,&quot;created_timestamp&quot;:&quot;1505391765&quot;,&quot;copyright&quot;:&quot;gewalcker@gmail.com&quot;,&quot;focal_length&quot;:&quot;17&quot;,&quot;iso&quot;:&quot;800&quot;,&quot;shutter_speed&quot;:&quot;0.016666666666667&quot;,&quot;title&quot;:&quot;&quot;,&quot;orientation&quot;:&quot;0&quot;}\" data-image-title=\"sansalv_blog08 (6)\" data-image-description=\"\" data-image-caption=\"\" data-medium-file=\"https:\/\/i0.wp.com\/blog.walcker.com\/wp-content\/uploads\/2018\/11\/sansalv_blog08-6.jpg?fit=300%2C200&amp;ssl=1\" data-large-file=\"https:\/\/i0.wp.com\/blog.walcker.com\/wp-content\/uploads\/2018\/11\/sansalv_blog08-6.jpg?fit=640%2C426&amp;ssl=1\" class=\"alignnone size-full wp-image-597\" src=\"https:\/\/i0.wp.com\/blog.walcker.com\/wp-content\/uploads\/2018\/11\/sansalv_blog08-6.jpg?resize=640%2C427\" alt=\"\" width=\"640\" height=\"427\" srcset=\"https:\/\/i0.wp.com\/blog.walcker.com\/wp-content\/uploads\/2018\/11\/sansalv_blog08-6.jpg?w=2000&amp;ssl=1 2000w, https:\/\/i0.wp.com\/blog.walcker.com\/wp-content\/uploads\/2018\/11\/sansalv_blog08-6.jpg?resize=300%2C200&amp;ssl=1 300w, https:\/\/i0.wp.com\/blog.walcker.com\/wp-content\/uploads\/2018\/11\/sansalv_blog08-6.jpg?resize=768%2C512&amp;ssl=1 768w, https:\/\/i0.wp.com\/blog.walcker.com\/wp-content\/uploads\/2018\/11\/sansalv_blog08-6.jpg?resize=1024%2C682&amp;ssl=1 1024w, https:\/\/i0.wp.com\/blog.walcker.com\/wp-content\/uploads\/2018\/11\/sansalv_blog08-6.jpg?w=1280&amp;ssl=1 1280w, https:\/\/i0.wp.com\/blog.walcker.com\/wp-content\/uploads\/2018\/11\/sansalv_blog08-6.jpg?w=1920&amp;ssl=1 1920w\" sizes=\"(max-width: 640px) 100vw, 640px\" \/><\/p>\n<p>Da \u00fcberraschte mich auf einer Pfeife der Dulciana die Inschrift &#8222;intoniert Eck&#8220;. Ein Gro\u00dfonkel, den wir Kinder in den 1950er Jahren sehr oft besucht haben, weil es dort sehr gem\u00fctlich zuging und Eck ein begeisterter Bastler mit Pfeifenmaterialien wie Kupferbleche, Zinn und anderem war. Das hat er uns in seinem Haus mit gro\u00dfer Freude gezeigt.<\/p>\n<p><img data-recalc-dims=\"1\" loading=\"lazy\" decoding=\"async\" data-attachment-id=\"598\" data-permalink=\"https:\/\/blog.walcker.com\/?attachment_id=598\" data-orig-file=\"https:\/\/i0.wp.com\/blog.walcker.com\/wp-content\/uploads\/2018\/11\/sansalv_blog08-1.jpg?fit=2000%2C1500&amp;ssl=1\" data-orig-size=\"2000,1500\" data-comments-opened=\"1\" data-image-meta=\"{&quot;aperture&quot;:&quot;2.2&quot;,&quot;credit&quot;:&quot;&quot;,&quot;camera&quot;:&quot;iPhone 6s&quot;,&quot;caption&quot;:&quot;&quot;,&quot;created_timestamp&quot;:&quot;1541675360&quot;,&quot;copyright&quot;:&quot;&quot;,&quot;focal_length&quot;:&quot;4.15&quot;,&quot;iso&quot;:&quot;200&quot;,&quot;shutter_speed&quot;:&quot;0.05&quot;,&quot;title&quot;:&quot;&quot;,&quot;orientation&quot;:&quot;0&quot;}\" data-image-title=\"sansalv_blog08 (1)\" data-image-description=\"\" data-image-caption=\"\" data-medium-file=\"https:\/\/i0.wp.com\/blog.walcker.com\/wp-content\/uploads\/2018\/11\/sansalv_blog08-1.jpg?fit=300%2C225&amp;ssl=1\" data-large-file=\"https:\/\/i0.wp.com\/blog.walcker.com\/wp-content\/uploads\/2018\/11\/sansalv_blog08-1.jpg?fit=640%2C480&amp;ssl=1\" class=\"alignnone size-full wp-image-598\" src=\"https:\/\/i0.wp.com\/blog.walcker.com\/wp-content\/uploads\/2018\/11\/sansalv_blog08-1.jpg?resize=640%2C480\" alt=\"\" width=\"640\" height=\"480\" srcset=\"https:\/\/i0.wp.com\/blog.walcker.com\/wp-content\/uploads\/2018\/11\/sansalv_blog08-1.jpg?w=2000&amp;ssl=1 2000w, https:\/\/i0.wp.com\/blog.walcker.com\/wp-content\/uploads\/2018\/11\/sansalv_blog08-1.jpg?resize=300%2C225&amp;ssl=1 300w, https:\/\/i0.wp.com\/blog.walcker.com\/wp-content\/uploads\/2018\/11\/sansalv_blog08-1.jpg?resize=768%2C576&amp;ssl=1 768w, https:\/\/i0.wp.com\/blog.walcker.com\/wp-content\/uploads\/2018\/11\/sansalv_blog08-1.jpg?resize=1024%2C768&amp;ssl=1 1024w, https:\/\/i0.wp.com\/blog.walcker.com\/wp-content\/uploads\/2018\/11\/sansalv_blog08-1.jpg?w=1280&amp;ssl=1 1280w, https:\/\/i0.wp.com\/blog.walcker.com\/wp-content\/uploads\/2018\/11\/sansalv_blog08-1.jpg?w=1920&amp;ssl=1 1920w\" sizes=\"(max-width: 640px) 100vw, 640px\" \/><\/p>\n<p>Der Prinzipal 8&#8242;, ein Gro\u00dfteil der Pfeifen steht im Prospekt aus Zink, hat eine enorme Wirkung im Kirchenschiff. Mit der Superkoppel reicht das Register allein aus, gravit\u00e4tisch Orgelmusik darzustellen. Leider haben die ganz gro\u00dfen Pfeifen durch die langen Zinkkondukten etwas reduzierte Ansprache. Aber eigentlich merkt man es kaum. Es ist sch\u00f6ner Klang, der allerdings einige Kraft kostete, um alle Pfeifen im gleichen Ma\u00dfe &#8222;schw\u00e4tzen &#8220; lassen zu k\u00f6nnen. Wer das C einige Male am Kern bearbeitet hat, wei\u00df, dass die Pfeife ihr Gewicht hat.<\/p>\n<p><img data-recalc-dims=\"1\" loading=\"lazy\" decoding=\"async\" data-attachment-id=\"600\" data-permalink=\"https:\/\/blog.walcker.com\/?attachment_id=600\" data-orig-file=\"https:\/\/i0.wp.com\/blog.walcker.com\/wp-content\/uploads\/2018\/11\/sansalv_blog08-11.jpg?fit=1764%2C2000&amp;ssl=1\" data-orig-size=\"1764,2000\" data-comments-opened=\"1\" data-image-meta=\"{&quot;aperture&quot;:&quot;2.8&quot;,&quot;credit&quot;:&quot;&quot;,&quot;camera&quot;:&quot;NIKON D5300&quot;,&quot;caption&quot;:&quot;&quot;,&quot;created_timestamp&quot;:&quot;1505391765&quot;,&quot;copyright&quot;:&quot;gewalcker@gmail.com&quot;,&quot;focal_length&quot;:&quot;50&quot;,&quot;iso&quot;:&quot;2500&quot;,&quot;shutter_speed&quot;:&quot;0.02&quot;,&quot;title&quot;:&quot;&quot;,&quot;orientation&quot;:&quot;0&quot;}\" data-image-title=\"sansalv_blog08 (11)\" data-image-description=\"\" data-image-caption=\"\" data-medium-file=\"https:\/\/i0.wp.com\/blog.walcker.com\/wp-content\/uploads\/2018\/11\/sansalv_blog08-11.jpg?fit=265%2C300&amp;ssl=1\" data-large-file=\"https:\/\/i0.wp.com\/blog.walcker.com\/wp-content\/uploads\/2018\/11\/sansalv_blog08-11.jpg?fit=640%2C726&amp;ssl=1\" class=\"alignnone size-full wp-image-600\" src=\"https:\/\/i0.wp.com\/blog.walcker.com\/wp-content\/uploads\/2018\/11\/sansalv_blog08-11.jpg?resize=640%2C726\" alt=\"\" width=\"640\" height=\"726\" srcset=\"https:\/\/i0.wp.com\/blog.walcker.com\/wp-content\/uploads\/2018\/11\/sansalv_blog08-11.jpg?w=1764&amp;ssl=1 1764w, https:\/\/i0.wp.com\/blog.walcker.com\/wp-content\/uploads\/2018\/11\/sansalv_blog08-11.jpg?resize=265%2C300&amp;ssl=1 265w, https:\/\/i0.wp.com\/blog.walcker.com\/wp-content\/uploads\/2018\/11\/sansalv_blog08-11.jpg?resize=768%2C871&amp;ssl=1 768w, https:\/\/i0.wp.com\/blog.walcker.com\/wp-content\/uploads\/2018\/11\/sansalv_blog08-11.jpg?resize=903%2C1024&amp;ssl=1 903w, https:\/\/i0.wp.com\/blog.walcker.com\/wp-content\/uploads\/2018\/11\/sansalv_blog08-11.jpg?w=1280&amp;ssl=1 1280w\" sizes=\"(max-width: 640px) 100vw, 640px\" \/><\/p>\n<p>Nur eine einzige Pfeife auf diesem Bild ist blind, die kleinste, ganz rechts. Dann kommen noch die anderen Blindg\u00e4nger auf der linken Seite, was unseren Orgeleingang zur Zeit darstellt.<\/p>\n<p>Jetzt haben wir also auch noch die Oktave 4&#8242; eingebaut und intoniert, zusammen mit dem Principal 8&#8242; und der Super I ist das schon beachtlich.<\/p>\n<p>Die Dulciana macht mit dem Bordun 8&#8242; ein gutes St\u00fcck Orgelromantik her, der Sinn dieser Disposition leuchtet allerdings nicht ganz ein, weil die Klangdifferenz bei diesen wenigen Registern einfach zu gro\u00df ist. Das II.Manual klingt komplett mit Sub und Superkoppel wie ein weit abgehobenes Fernwerk gegen ein Hauptmanual. Also dieser Zustand nach einer entschiedenen Klangverst\u00e4rkung.<\/p>\n<p>Nun wir werden hier wenig JSB h\u00f6ren, daf\u00fcr mehr die popularen Str\u00f6mungen des mittelamerikanischen Microphonen-Barock und vielleicht verirrt sich hier und da ein US- oder Euro-Spieler. Ich hoffe, wir k\u00f6nnen die Deutsche Botschaft dazu \u00fcberzeugen.<\/p>\n<p>Jetzt nochmal zur\u00fcck zum Urlaubstag in La Libertad- Umwerfend die Fischverk\u00e4ufer, ich glaube nach diesem Besuch keinen Fisch mehr verspeisen zu k\u00f6nnen:<\/p>\n<p><img data-recalc-dims=\"1\" loading=\"lazy\" decoding=\"async\" data-attachment-id=\"601\" data-permalink=\"https:\/\/blog.walcker.com\/?attachment_id=601\" data-orig-file=\"https:\/\/i0.wp.com\/blog.walcker.com\/wp-content\/uploads\/2018\/11\/sansalv_blog08-13.jpg?fit=2000%2C1714&amp;ssl=1\" data-orig-size=\"2000,1714\" data-comments-opened=\"1\" data-image-meta=\"{&quot;aperture&quot;:&quot;5.6&quot;,&quot;credit&quot;:&quot;&quot;,&quot;camera&quot;:&quot;NIKON D5300&quot;,&quot;caption&quot;:&quot;&quot;,&quot;created_timestamp&quot;:&quot;1505391765&quot;,&quot;copyright&quot;:&quot;gewalcker@gmail.com&quot;,&quot;focal_length&quot;:&quot;19&quot;,&quot;iso&quot;:&quot;400&quot;,&quot;shutter_speed&quot;:&quot;0.008&quot;,&quot;title&quot;:&quot;&quot;,&quot;orientation&quot;:&quot;0&quot;}\" data-image-title=\"sansalv_blog08 (13)\" data-image-description=\"\" data-image-caption=\"\" data-medium-file=\"https:\/\/i0.wp.com\/blog.walcker.com\/wp-content\/uploads\/2018\/11\/sansalv_blog08-13.jpg?fit=300%2C257&amp;ssl=1\" data-large-file=\"https:\/\/i0.wp.com\/blog.walcker.com\/wp-content\/uploads\/2018\/11\/sansalv_blog08-13.jpg?fit=640%2C549&amp;ssl=1\" class=\"alignnone wp-image-601\" src=\"https:\/\/i0.wp.com\/blog.walcker.com\/wp-content\/uploads\/2018\/11\/sansalv_blog08-13.jpg?resize=346%2C296\" alt=\"\" width=\"346\" height=\"296\" srcset=\"https:\/\/i0.wp.com\/blog.walcker.com\/wp-content\/uploads\/2018\/11\/sansalv_blog08-13.jpg?w=2000&amp;ssl=1 2000w, https:\/\/i0.wp.com\/blog.walcker.com\/wp-content\/uploads\/2018\/11\/sansalv_blog08-13.jpg?resize=300%2C257&amp;ssl=1 300w, https:\/\/i0.wp.com\/blog.walcker.com\/wp-content\/uploads\/2018\/11\/sansalv_blog08-13.jpg?resize=768%2C658&amp;ssl=1 768w, https:\/\/i0.wp.com\/blog.walcker.com\/wp-content\/uploads\/2018\/11\/sansalv_blog08-13.jpg?resize=1024%2C878&amp;ssl=1 1024w, https:\/\/i0.wp.com\/blog.walcker.com\/wp-content\/uploads\/2018\/11\/sansalv_blog08-13.jpg?w=1280&amp;ssl=1 1280w, https:\/\/i0.wp.com\/blog.walcker.com\/wp-content\/uploads\/2018\/11\/sansalv_blog08-13.jpg?w=1920&amp;ssl=1 1920w\" sizes=\"(max-width: 346px) 100vw, 346px\" \/>\u00a0<img data-recalc-dims=\"1\" loading=\"lazy\" decoding=\"async\" data-attachment-id=\"602\" data-permalink=\"https:\/\/blog.walcker.com\/?attachment_id=602\" data-orig-file=\"https:\/\/i0.wp.com\/blog.walcker.com\/wp-content\/uploads\/2018\/11\/sansalv_blog08-14.jpg?fit=1804%2C2000&amp;ssl=1\" data-orig-size=\"1804,2000\" data-comments-opened=\"1\" data-image-meta=\"{&quot;aperture&quot;:&quot;7.1&quot;,&quot;credit&quot;:&quot;&quot;,&quot;camera&quot;:&quot;NIKON D5300&quot;,&quot;caption&quot;:&quot;&quot;,&quot;created_timestamp&quot;:&quot;1505391765&quot;,&quot;copyright&quot;:&quot;gewalcker@gmail.com&quot;,&quot;focal_length&quot;:&quot;36&quot;,&quot;iso&quot;:&quot;400&quot;,&quot;shutter_speed&quot;:&quot;0.005&quot;,&quot;title&quot;:&quot;&quot;,&quot;orientation&quot;:&quot;0&quot;}\" data-image-title=\"sansalv_blog08 (14)\" data-image-description=\"\" data-image-caption=\"\" data-medium-file=\"https:\/\/i0.wp.com\/blog.walcker.com\/wp-content\/uploads\/2018\/11\/sansalv_blog08-14.jpg?fit=271%2C300&amp;ssl=1\" data-large-file=\"https:\/\/i0.wp.com\/blog.walcker.com\/wp-content\/uploads\/2018\/11\/sansalv_blog08-14.jpg?fit=640%2C709&amp;ssl=1\" class=\"alignnone wp-image-602\" src=\"https:\/\/i0.wp.com\/blog.walcker.com\/wp-content\/uploads\/2018\/11\/sansalv_blog08-14.jpg?resize=268%2C297\" alt=\"\" width=\"268\" height=\"297\" srcset=\"https:\/\/i0.wp.com\/blog.walcker.com\/wp-content\/uploads\/2018\/11\/sansalv_blog08-14.jpg?w=1804&amp;ssl=1 1804w, https:\/\/i0.wp.com\/blog.walcker.com\/wp-content\/uploads\/2018\/11\/sansalv_blog08-14.jpg?resize=271%2C300&amp;ssl=1 271w, https:\/\/i0.wp.com\/blog.walcker.com\/wp-content\/uploads\/2018\/11\/sansalv_blog08-14.jpg?resize=768%2C851&amp;ssl=1 768w, https:\/\/i0.wp.com\/blog.walcker.com\/wp-content\/uploads\/2018\/11\/sansalv_blog08-14.jpg?resize=924%2C1024&amp;ssl=1 924w, https:\/\/i0.wp.com\/blog.walcker.com\/wp-content\/uploads\/2018\/11\/sansalv_blog08-14.jpg?w=1280&amp;ssl=1 1280w\" sizes=\"(max-width: 268px) 100vw, 268px\" \/><\/p>\n<p>aber das Meer strahlt auch ohne Fukushima, n\u00e4mlich sehr viel Ruhe und Gelassenheit aus:<\/p>\n<p><img data-recalc-dims=\"1\" loading=\"lazy\" decoding=\"async\" data-attachment-id=\"603\" data-permalink=\"https:\/\/blog.walcker.com\/?attachment_id=603\" data-orig-file=\"https:\/\/i0.wp.com\/blog.walcker.com\/wp-content\/uploads\/2018\/11\/sansalv_blog08-16.jpg?fit=1389%2C2000&amp;ssl=1\" data-orig-size=\"1389,2000\" data-comments-opened=\"1\" data-image-meta=\"{&quot;aperture&quot;:&quot;10&quot;,&quot;credit&quot;:&quot;&quot;,&quot;camera&quot;:&quot;NIKON D5300&quot;,&quot;caption&quot;:&quot;&quot;,&quot;created_timestamp&quot;:&quot;1505391765&quot;,&quot;copyright&quot;:&quot;gewalcker@gmail.com&quot;,&quot;focal_length&quot;:&quot;24&quot;,&quot;iso&quot;:&quot;200&quot;,&quot;shutter_speed&quot;:&quot;0.0025&quot;,&quot;title&quot;:&quot;&quot;,&quot;orientation&quot;:&quot;0&quot;}\" data-image-title=\"sansalv_blog08 (16)\" data-image-description=\"\" data-image-caption=\"\" data-medium-file=\"https:\/\/i0.wp.com\/blog.walcker.com\/wp-content\/uploads\/2018\/11\/sansalv_blog08-16.jpg?fit=208%2C300&amp;ssl=1\" data-large-file=\"https:\/\/i0.wp.com\/blog.walcker.com\/wp-content\/uploads\/2018\/11\/sansalv_blog08-16.jpg?fit=640%2C922&amp;ssl=1\" class=\"alignnone size-full wp-image-603\" src=\"https:\/\/i0.wp.com\/blog.walcker.com\/wp-content\/uploads\/2018\/11\/sansalv_blog08-16.jpg?resize=640%2C922\" alt=\"\" width=\"640\" height=\"922\" srcset=\"https:\/\/i0.wp.com\/blog.walcker.com\/wp-content\/uploads\/2018\/11\/sansalv_blog08-16.jpg?w=1389&amp;ssl=1 1389w, https:\/\/i0.wp.com\/blog.walcker.com\/wp-content\/uploads\/2018\/11\/sansalv_blog08-16.jpg?resize=208%2C300&amp;ssl=1 208w, https:\/\/i0.wp.com\/blog.walcker.com\/wp-content\/uploads\/2018\/11\/sansalv_blog08-16.jpg?resize=768%2C1106&amp;ssl=1 768w, https:\/\/i0.wp.com\/blog.walcker.com\/wp-content\/uploads\/2018\/11\/sansalv_blog08-16.jpg?resize=711%2C1024&amp;ssl=1 711w, https:\/\/i0.wp.com\/blog.walcker.com\/wp-content\/uploads\/2018\/11\/sansalv_blog08-16.jpg?w=1280&amp;ssl=1 1280w\" sizes=\"(max-width: 640px) 100vw, 640px\" \/><\/p>\n<p>gwm<\/p>\n","protected":false},"excerpt":{"rendered":"<p>Blanker Sonnenschein, Mayakultur, Pazifik, viel Fisch, viel Fleisch&#8230; so stellt sich die vergangene Arbeitswoche dar, die mit einem &#8222;\u00fcberraschenden&#8220; Besuch in La Libertad an der Pazifikk\u00fcste heute endete. Morgen gehts dann zum Weltkulturerbe der Mayas, das durch einen Vulkanausbruch in &hellip; <a href=\"https:\/\/blog.walcker.com\/?p=594\">Weiterlesen <span class=\"meta-nav\">&rarr;<\/span><\/a><\/p>\n","protected":false},"author":1,"featured_media":604,"comment_status":"open","ping_status":"open","sticky":false,"template":"","format":"standard","meta":{"jetpack_post_was_ever_published":false,"_jetpack_newsletter_access":"","_jetpack_dont_email_post_to_subs":false,"_jetpack_newsletter_tier_id":0,"_jetpack_memberships_contains_paywalled_content":false,"_jetpack_memberships_contains_paid_content":false,"footnotes":"","jetpack_publicize_message":"","jetpack_publicize_feature_enabled":true,"jetpack_social_post_already_shared":true,"jetpack_social_options":{"image_generator_settings":{"template":"highway","enabled":false},"version":2}},"categories":[9],"tags":[],"jetpack_publicize_connections":[],"jetpack_featured_media_url":"https:\/\/i0.wp.com\/blog.walcker.com\/wp-content\/uploads\/2018\/11\/sansalv_titel25.jpg?fit=949%2C200&ssl=1","jetpack_sharing_enabled":true,"jetpack_shortlink":"https:\/\/wp.me\/p92XHj-9A","jetpack-related-posts":[],"_links":{"self":[{"href":"https:\/\/blog.walcker.com\/index.php?rest_route=\/wp\/v2\/posts\/594"}],"collection":[{"href":"https:\/\/blog.walcker.com\/index.php?rest_route=\/wp\/v2\/posts"}],"about":[{"href":"https:\/\/blog.walcker.com\/index.php?rest_route=\/wp\/v2\/types\/post"}],"author":[{"embeddable":true,"href":"https:\/\/blog.walcker.com\/index.php?rest_route=\/wp\/v2\/users\/1"}],"replies":[{"embeddable":true,"href":"https:\/\/blog.walcker.com\/index.php?rest_route=%2Fwp%2Fv2%2Fcomments&post=594"}],"version-history":[{"count":4,"href":"https:\/\/blog.walcker.com\/index.php?rest_route=\/wp\/v2\/posts\/594\/revisions"}],"predecessor-version":[{"id":608,"href":"https:\/\/blog.walcker.com\/index.php?rest_route=\/wp\/v2\/posts\/594\/revisions\/608"}],"wp:featuredmedia":[{"embeddable":true,"href":"https:\/\/blog.walcker.com\/index.php?rest_route=\/wp\/v2\/media\/604"}],"wp:attachment":[{"href":"https:\/\/blog.walcker.com\/index.php?rest_route=%2Fwp%2Fv2%2Fmedia&parent=594"}],"wp:term":[{"taxonomy":"category","embeddable":true,"href":"https:\/\/blog.walcker.com\/index.php?rest_route=%2Fwp%2Fv2%2Fcategories&post=594"},{"taxonomy":"post_tag","embeddable":true,"href":"https:\/\/blog.walcker.com\/index.php?rest_route=%2Fwp%2Fv2%2Ftags&post=594"}],"curies":[{"name":"wp","href":"https:\/\/api.w.org\/{rel}","templated":true}]}}