{"id":438,"date":"2018-08-26T11:30:37","date_gmt":"2018-08-26T11:30:37","guid":{"rendered":"http:\/\/blog.walcker.com\/?p=438"},"modified":"2018-09-29T23:35:37","modified_gmt":"2018-09-29T23:35:37","slug":"die-gustav-rassmann-orgel-in-niedertiefenbach","status":"publish","type":"post","link":"https:\/\/blog.walcker.com\/?p=438","title":{"rendered":"Die Gustav Ra\u00dfmann-Orgel in Niedertiefenbach"},"content":{"rendered":"<p>Vergangene Woche (KW34) wurden wir bei einer Pflege unserer Orgel in <a href=\"https:\/\/walcker.com\/orgelwerken\/die-walcker-orgel-op-4758-in-obertiefenbach.php\">Obertiefenbach<\/a> nach Niedertiefenbach gerufen, wo wir dieses sch\u00f6n klingende Instrument aus Gustav Ra\u00dfmann, M\u00f6ttau vorfanden. Wahrscheinlich ist es so, dass dieses Instrument von der Nachfolgefirma Hardt gebaut wurde, die sich verpflichtet hatte, den Namen Ra\u00dfmann bis zu dessen Tod (1906) weiter zu f\u00fchren.<\/p>\n<p><img data-recalc-dims=\"1\" loading=\"lazy\" decoding=\"async\" data-attachment-id=\"439\" data-permalink=\"https:\/\/blog.walcker.com\/?attachment_id=439\" data-orig-file=\"https:\/\/i0.wp.com\/blog.walcker.com\/wp-content\/uploads\/2018\/08\/niedertiefb_gwm-1.jpg?fit=1000%2C1500&amp;ssl=1\" data-orig-size=\"1000,1500\" data-comments-opened=\"1\" data-image-meta=\"{&quot;aperture&quot;:&quot;4.5&quot;,&quot;credit&quot;:&quot;&quot;,&quot;camera&quot;:&quot;NIKON D5300&quot;,&quot;caption&quot;:&quot;&quot;,&quot;created_timestamp&quot;:&quot;1505391765&quot;,&quot;copyright&quot;:&quot;gewalcker@gmail.com&quot;,&quot;focal_length&quot;:&quot;26&quot;,&quot;iso&quot;:&quot;800&quot;,&quot;shutter_speed&quot;:&quot;0.0125&quot;,&quot;title&quot;:&quot;&quot;,&quot;orientation&quot;:&quot;0&quot;}\" data-image-title=\"niedertiefb_gwm (1)\" data-image-description=\"\" data-image-caption=\"\" data-medium-file=\"https:\/\/i0.wp.com\/blog.walcker.com\/wp-content\/uploads\/2018\/08\/niedertiefb_gwm-1.jpg?fit=200%2C300&amp;ssl=1\" data-large-file=\"https:\/\/i0.wp.com\/blog.walcker.com\/wp-content\/uploads\/2018\/08\/niedertiefb_gwm-1.jpg?fit=640%2C960&amp;ssl=1\" class=\"alignnone size-full wp-image-439\" src=\"https:\/\/i0.wp.com\/blog.walcker.com\/wp-content\/uploads\/2018\/08\/niedertiefb_gwm-1.jpg?resize=640%2C960\" alt=\"\" width=\"640\" height=\"960\" srcset=\"https:\/\/i0.wp.com\/blog.walcker.com\/wp-content\/uploads\/2018\/08\/niedertiefb_gwm-1.jpg?w=1000&amp;ssl=1 1000w, https:\/\/i0.wp.com\/blog.walcker.com\/wp-content\/uploads\/2018\/08\/niedertiefb_gwm-1.jpg?resize=200%2C300&amp;ssl=1 200w, https:\/\/i0.wp.com\/blog.walcker.com\/wp-content\/uploads\/2018\/08\/niedertiefb_gwm-1.jpg?resize=768%2C1152&amp;ssl=1 768w, https:\/\/i0.wp.com\/blog.walcker.com\/wp-content\/uploads\/2018\/08\/niedertiefb_gwm-1.jpg?resize=683%2C1024&amp;ssl=1 683w\" sizes=\"(max-width: 640px) 100vw, 640px\" \/><\/p>\n<p>Wenn wir also davon ausgehen, dass die hier gezeigte Orgel gegen 1906 gebaut wurde, so ist es also eine Hardt-Orgel, die ungew\u00f6hnlich genug zu dieser Zeit, mit Schleifladen gebaut wurden. Die Anlage der\u00a0 Mechanik zeigt, dass der Orgelbauer ausreichend Erfahrung im Bau mechanischer Kegelladen hatte.<\/p>\n<p><img data-recalc-dims=\"1\" loading=\"lazy\" decoding=\"async\" data-attachment-id=\"440\" data-permalink=\"https:\/\/blog.walcker.com\/?attachment_id=440\" data-orig-file=\"https:\/\/i0.wp.com\/blog.walcker.com\/wp-content\/uploads\/2018\/08\/niedertiefb_gwm-5.jpg?fit=1000%2C1500&amp;ssl=1\" data-orig-size=\"1000,1500\" data-comments-opened=\"1\" data-image-meta=\"{&quot;aperture&quot;:&quot;2.8&quot;,&quot;credit&quot;:&quot;&quot;,&quot;camera&quot;:&quot;NIKON D5300&quot;,&quot;caption&quot;:&quot;&quot;,&quot;created_timestamp&quot;:&quot;1505391765&quot;,&quot;copyright&quot;:&quot;gewalcker@gmail.com&quot;,&quot;focal_length&quot;:&quot;17&quot;,&quot;iso&quot;:&quot;3200&quot;,&quot;shutter_speed&quot;:&quot;0.016666666666667&quot;,&quot;title&quot;:&quot;&quot;,&quot;orientation&quot;:&quot;0&quot;}\" data-image-title=\"niedertiefb_gwm (5)\" data-image-description=\"\" data-image-caption=\"\" data-medium-file=\"https:\/\/i0.wp.com\/blog.walcker.com\/wp-content\/uploads\/2018\/08\/niedertiefb_gwm-5.jpg?fit=200%2C300&amp;ssl=1\" data-large-file=\"https:\/\/i0.wp.com\/blog.walcker.com\/wp-content\/uploads\/2018\/08\/niedertiefb_gwm-5.jpg?fit=640%2C960&amp;ssl=1\" class=\"alignnone size-full wp-image-440\" src=\"https:\/\/i0.wp.com\/blog.walcker.com\/wp-content\/uploads\/2018\/08\/niedertiefb_gwm-5.jpg?resize=640%2C960\" alt=\"\" width=\"640\" height=\"960\" srcset=\"https:\/\/i0.wp.com\/blog.walcker.com\/wp-content\/uploads\/2018\/08\/niedertiefb_gwm-5.jpg?w=1000&amp;ssl=1 1000w, https:\/\/i0.wp.com\/blog.walcker.com\/wp-content\/uploads\/2018\/08\/niedertiefb_gwm-5.jpg?resize=200%2C300&amp;ssl=1 200w, https:\/\/i0.wp.com\/blog.walcker.com\/wp-content\/uploads\/2018\/08\/niedertiefb_gwm-5.jpg?resize=768%2C1152&amp;ssl=1 768w, https:\/\/i0.wp.com\/blog.walcker.com\/wp-content\/uploads\/2018\/08\/niedertiefb_gwm-5.jpg?resize=683%2C1024&amp;ssl=1 683w\" sizes=\"(max-width: 640px) 100vw, 640px\" \/><\/p>\n<p>Der Klang dieses Instruments ist beeindruckend. Besonders das Cornett im I.Man. ist ein wunderbares Register, das eine Zunge restlos ersetzt.<\/p>\n<div style=\"direction: ltr;\">\n<table style=\"direction: ltr; border-collapse: collapse; margin-left: .3333in; border: 1pt solid #A3A3A3;\" title=\"\" border=\"1\" summary=\"\" cellspacing=\"0\" cellpadding=\"0\">\n<tbody>\n<tr>\n<td style=\"vertical-align: top; width: 1.3826in; padding: 4pt 4pt 4pt 4pt; border: 1pt solid #A3A3A3;\">\n<p style=\"margin: 0in; font-family: Calibri; font-size: 11.0pt;\">I.Manual C-f&#8220;&#8216;<\/p>\n<ol style=\"margin-left: .375in; direction: ltr; unicode-bidi: embed; margin-top: 0in; margin-bottom: 0in; font-family: Calibri; font-size: 11.0pt; font-weight: normal; font-style: normal;\" type=\"1\">\n<li style=\"margin-top: 0; margin-bottom: 0; vertical-align: middle;\" value=\"1\"><span style=\"font-family: Calibri; font-size: 11.0pt; font-weight: normal; font-style: normal;\">Bourdon 16&#8242;<\/span><\/li>\n<li style=\"margin-top: 0; margin-bottom: 0; vertical-align: middle;\"><span style=\"font-family: Calibri; font-size: 11.0pt;\">Principal 8<\/span><\/li>\n<li style=\"margin-top: 0; margin-bottom: 0; vertical-align: middle;\"><span style=\"font-family: Calibri; font-size: 11.0pt;\">Gamba 8<\/span><\/li>\n<li style=\"margin-top: 0; margin-bottom: 0; vertical-align: middle;\"><span style=\"font-family: Calibri; font-size: 11.0pt;\">Gedeckt 8<\/span><\/li>\n<li style=\"margin-top: 0; margin-bottom: 0; vertical-align: middle;\"><span style=\"font-family: Calibri; font-size: 11.0pt;\">Holzfl\u00f6te 4<\/span><\/li>\n<li style=\"margin-top: 0; margin-bottom: 0; vertical-align: middle;\"><span style=\"font-family: Calibri; font-size: 11.0pt;\">Octave 4<\/span><\/li>\n<li style=\"margin-top: 0; margin-bottom: 0; vertical-align: middle;\"><span style=\"font-family: Calibri; font-size: 11.0pt;\">Quinte 2 2\/3<\/span><\/li>\n<li style=\"margin-top: 0; margin-bottom: 0; vertical-align: middle;\"><span style=\"font-family: Calibri; font-size: 11.0pt;\">Octave 2<\/span><\/li>\n<li style=\"margin-top: 0; margin-bottom: 0; vertical-align: middle;\"><span style=\"font-family: Calibri; font-size: 11.0pt;\">Mixtur 2<\/span><\/li>\n<li style=\"margin-top: 0; margin-bottom: 0; vertical-align: middle;\"><span style=\"font-family: Calibri; font-size: 11.0pt;\">Cornett disc<\/span><\/li>\n<\/ol>\n<\/td>\n<td style=\"vertical-align: top; width: 1.5833in; padding: 4pt 4pt 4pt 4pt; border: 1pt solid #A3A3A3;\">\n<p style=\"margin: 0in; font-family: Calibri; font-size: 11.0pt;\">II.Manual<\/p>\n<ol style=\"margin-left: .375in; direction: ltr; unicode-bidi: embed; margin-top: 0in; margin-bottom: 0in; font-family: Calibri; font-size: 11.0pt; font-weight: normal; font-style: normal;\" type=\"1\">\n<li style=\"margin-top: 0; margin-bottom: 0; vertical-align: middle;\" value=\"11\"><span style=\"font-family: Calibri; font-size: 11.0pt; font-weight: normal; font-style: normal;\">Salicional 8<\/span><\/li>\n<li style=\"margin-top: 0; margin-bottom: 0; vertical-align: middle;\"><span style=\"font-family: Calibri; font-size: 11.0pt;\">Liebl. Gedackt 8<\/span><\/li>\n<li style=\"margin-top: 0; margin-bottom: 0; vertical-align: middle;\"><span style=\"font-family: Calibri; font-size: 11.0pt;\">Fl\u00f6te dolce 4<\/span><\/li>\n<li style=\"margin-top: 0; margin-bottom: 0; vertical-align: middle;\"><span style=\"font-family: Calibri; font-size: 11.0pt;\">Gemshorn 4<\/span><\/li>\n<\/ol>\n<p style=\"margin: 0in; font-family: Calibri; font-size: 11.0pt;\">Windauslass<\/p>\n<\/td>\n<td style=\"vertical-align: top; width: 1.3736in; padding: 4pt 4pt 4pt 4pt; border: 1pt solid #A3A3A3;\">\n<p style=\"margin: 0in; font-family: Calibri; font-size: 11.0pt;\">Pedal C-c &#8218;<\/p>\n<ol style=\"margin-left: .375in; direction: ltr; unicode-bidi: embed; margin-top: 0in; margin-bottom: 0in; font-family: Calibri; font-size: 11.0pt; font-weight: normal; font-style: normal;\" type=\"1\">\n<li style=\"margin-top: 0; margin-bottom: 0; vertical-align: middle;\" value=\"15\"><span style=\"font-family: Calibri; font-size: 11.0pt; font-weight: normal; font-style: normal;\">Violonbass 16&#8242;<\/span><\/li>\n<li style=\"margin-top: 0; margin-bottom: 0; vertical-align: middle;\"><span style=\"font-family: Calibri; font-size: 11.0pt;\">Subbass 16<\/span><\/li>\n<li style=\"margin-top: 0; margin-bottom: 0; vertical-align: middle;\"><span style=\"font-family: Calibri; font-size: 11.0pt;\">Octavbass 8<\/span><\/li>\n<li style=\"margin-top: 0; margin-bottom: 0; vertical-align: middle;\"><span style=\"font-family: Calibri; font-size: 11.0pt;\">Violoncello 8<\/span><\/li>\n<\/ol>\n<p style=\"margin: 0in; margin-left: .375in; font-family: Calibri; font-size: 11.0pt;\">Pedalcoppel<\/p>\n<p style=\"margin: 0in; margin-left: .375in; font-family: Calibri; font-size: 11.0pt;\">\n<\/td>\n<\/tr>\n<\/tbody>\n<\/table>\n<\/div>\n<p>Weniger sch\u00f6n war, dass die gesamte Traktur nur auf 3-4mm Tastenreise eingestellt war, was dem Organisten kaum fl\u00fcssiges Spiel erlaubte. Es k\u00f6nnte durchaus sein, dass diese ungew\u00f6hnliche Traktur seit mehr als 20 Jahren so eingestellt war (siehe Foto Spieltisch, wo man dies besonders gut in der Mittellage des II.Manuals erkennen kann).<\/p>\n<p><img data-recalc-dims=\"1\" loading=\"lazy\" decoding=\"async\" data-attachment-id=\"441\" data-permalink=\"https:\/\/blog.walcker.com\/?attachment_id=441\" data-orig-file=\"https:\/\/i0.wp.com\/blog.walcker.com\/wp-content\/uploads\/2018\/08\/niedertiefb_gwm-3.jpg?fit=1500%2C1000&amp;ssl=1\" data-orig-size=\"1500,1000\" data-comments-opened=\"1\" data-image-meta=\"{&quot;aperture&quot;:&quot;2.8&quot;,&quot;credit&quot;:&quot;&quot;,&quot;camera&quot;:&quot;NIKON D5300&quot;,&quot;caption&quot;:&quot;&quot;,&quot;created_timestamp&quot;:&quot;1505391765&quot;,&quot;copyright&quot;:&quot;gewalcker@gmail.com&quot;,&quot;focal_length&quot;:&quot;22&quot;,&quot;iso&quot;:&quot;1000&quot;,&quot;shutter_speed&quot;:&quot;0.016666666666667&quot;,&quot;title&quot;:&quot;&quot;,&quot;orientation&quot;:&quot;0&quot;}\" data-image-title=\"niedertiefb_gwm (3)\" data-image-description=\"\" data-image-caption=\"\" data-medium-file=\"https:\/\/i0.wp.com\/blog.walcker.com\/wp-content\/uploads\/2018\/08\/niedertiefb_gwm-3.jpg?fit=300%2C200&amp;ssl=1\" data-large-file=\"https:\/\/i0.wp.com\/blog.walcker.com\/wp-content\/uploads\/2018\/08\/niedertiefb_gwm-3.jpg?fit=640%2C427&amp;ssl=1\" class=\"alignnone size-full wp-image-441\" src=\"https:\/\/i0.wp.com\/blog.walcker.com\/wp-content\/uploads\/2018\/08\/niedertiefb_gwm-3.jpg?resize=640%2C427\" alt=\"\" width=\"640\" height=\"427\" srcset=\"https:\/\/i0.wp.com\/blog.walcker.com\/wp-content\/uploads\/2018\/08\/niedertiefb_gwm-3.jpg?w=1500&amp;ssl=1 1500w, https:\/\/i0.wp.com\/blog.walcker.com\/wp-content\/uploads\/2018\/08\/niedertiefb_gwm-3.jpg?resize=300%2C200&amp;ssl=1 300w, https:\/\/i0.wp.com\/blog.walcker.com\/wp-content\/uploads\/2018\/08\/niedertiefb_gwm-3.jpg?resize=768%2C512&amp;ssl=1 768w, https:\/\/i0.wp.com\/blog.walcker.com\/wp-content\/uploads\/2018\/08\/niedertiefb_gwm-3.jpg?resize=1024%2C683&amp;ssl=1 1024w, https:\/\/i0.wp.com\/blog.walcker.com\/wp-content\/uploads\/2018\/08\/niedertiefb_gwm-3.jpg?w=1280&amp;ssl=1 1280w\" sizes=\"(max-width: 640px) 100vw, 640px\" \/><\/p>\n<p>Es war ein leichtes, aber unvorhergesehenes St\u00fcck Arbeit, diese Traktur auf halbwegs normales Niveau zu bringen. Hoffen wir, dass nun der Organist, der gro\u00dfe St\u00fccke auf die Orgel h\u00e4lt, doch noch seine &#8222;L\u00e4ufe&#8220; wie gew\u00fcnscht ins &#8222;&#8220;Rasante&#8220; zu steigern wei\u00df.<\/p>\n<p>Eine sch\u00f6ne Kirche auch, die von Ferne, wie auf einem Thron von einer Anh\u00f6he gebieterisch ins Land hinaus blickt.<\/p>\n<p><img data-recalc-dims=\"1\" loading=\"lazy\" decoding=\"async\" data-attachment-id=\"442\" data-permalink=\"https:\/\/blog.walcker.com\/?attachment_id=442\" data-orig-file=\"https:\/\/i0.wp.com\/blog.walcker.com\/wp-content\/uploads\/2018\/08\/niedertiefb_gwm-2.jpg?fit=1500%2C1000&amp;ssl=1\" data-orig-size=\"1500,1000\" data-comments-opened=\"1\" data-image-meta=\"{&quot;aperture&quot;:&quot;8&quot;,&quot;credit&quot;:&quot;&quot;,&quot;camera&quot;:&quot;NIKON D5300&quot;,&quot;caption&quot;:&quot;&quot;,&quot;created_timestamp&quot;:&quot;1505391765&quot;,&quot;copyright&quot;:&quot;gewalcker@gmail.com&quot;,&quot;focal_length&quot;:&quot;17&quot;,&quot;iso&quot;:&quot;100&quot;,&quot;shutter_speed&quot;:&quot;0.008&quot;,&quot;title&quot;:&quot;&quot;,&quot;orientation&quot;:&quot;0&quot;}\" data-image-title=\"niedertiefb_gwm (2)\" data-image-description=\"\" data-image-caption=\"\" data-medium-file=\"https:\/\/i0.wp.com\/blog.walcker.com\/wp-content\/uploads\/2018\/08\/niedertiefb_gwm-2.jpg?fit=300%2C200&amp;ssl=1\" data-large-file=\"https:\/\/i0.wp.com\/blog.walcker.com\/wp-content\/uploads\/2018\/08\/niedertiefb_gwm-2.jpg?fit=640%2C427&amp;ssl=1\" class=\"alignnone size-full wp-image-442\" src=\"https:\/\/i0.wp.com\/blog.walcker.com\/wp-content\/uploads\/2018\/08\/niedertiefb_gwm-2.jpg?resize=640%2C427\" alt=\"\" width=\"640\" height=\"427\" srcset=\"https:\/\/i0.wp.com\/blog.walcker.com\/wp-content\/uploads\/2018\/08\/niedertiefb_gwm-2.jpg?w=1500&amp;ssl=1 1500w, https:\/\/i0.wp.com\/blog.walcker.com\/wp-content\/uploads\/2018\/08\/niedertiefb_gwm-2.jpg?resize=300%2C200&amp;ssl=1 300w, https:\/\/i0.wp.com\/blog.walcker.com\/wp-content\/uploads\/2018\/08\/niedertiefb_gwm-2.jpg?resize=768%2C512&amp;ssl=1 768w, https:\/\/i0.wp.com\/blog.walcker.com\/wp-content\/uploads\/2018\/08\/niedertiefb_gwm-2.jpg?resize=1024%2C683&amp;ssl=1 1024w, https:\/\/i0.wp.com\/blog.walcker.com\/wp-content\/uploads\/2018\/08\/niedertiefb_gwm-2.jpg?w=1280&amp;ssl=1 1280w\" sizes=\"(max-width: 640px) 100vw, 640px\" \/><\/p>\n<p>gwm<\/p>\n","protected":false},"excerpt":{"rendered":"<p>Vergangene Woche (KW34) wurden wir bei einer Pflege unserer Orgel in Obertiefenbach nach Niedertiefenbach gerufen, wo wir dieses sch\u00f6n klingende Instrument aus Gustav Ra\u00dfmann, M\u00f6ttau vorfanden. Wahrscheinlich ist es so, dass dieses Instrument von der Nachfolgefirma Hardt gebaut wurde, die &hellip; <a href=\"https:\/\/blog.walcker.com\/?p=438\">Weiterlesen <span class=\"meta-nav\">&rarr;<\/span><\/a><\/p>\n","protected":false},"author":1,"featured_media":445,"comment_status":"open","ping_status":"open","sticky":false,"template":"","format":"standard","meta":{"jetpack_post_was_ever_published":false,"_jetpack_newsletter_access":"","_jetpack_dont_email_post_to_subs":false,"_jetpack_newsletter_tier_id":0,"_jetpack_memberships_contains_paywalled_content":false,"_jetpack_memberships_contains_paid_content":false,"footnotes":"","jetpack_publicize_message":"","jetpack_publicize_feature_enabled":true,"jetpack_social_post_already_shared":true,"jetpack_social_options":{"image_generator_settings":{"template":"highway","enabled":false},"version":2}},"categories":[1,5],"tags":[],"jetpack_publicize_connections":[],"jetpack_featured_media_url":"https:\/\/i0.wp.com\/blog.walcker.com\/wp-content\/uploads\/2018\/08\/cropped-niedewrtiefb-1.jpg?fit=940%2C208&ssl=1","jetpack_sharing_enabled":true,"jetpack_shortlink":"https:\/\/wp.me\/p92XHj-74","jetpack-related-posts":[],"_links":{"self":[{"href":"https:\/\/blog.walcker.com\/index.php?rest_route=\/wp\/v2\/posts\/438"}],"collection":[{"href":"https:\/\/blog.walcker.com\/index.php?rest_route=\/wp\/v2\/posts"}],"about":[{"href":"https:\/\/blog.walcker.com\/index.php?rest_route=\/wp\/v2\/types\/post"}],"author":[{"embeddable":true,"href":"https:\/\/blog.walcker.com\/index.php?rest_route=\/wp\/v2\/users\/1"}],"replies":[{"embeddable":true,"href":"https:\/\/blog.walcker.com\/index.php?rest_route=%2Fwp%2Fv2%2Fcomments&post=438"}],"version-history":[{"count":3,"href":"https:\/\/blog.walcker.com\/index.php?rest_route=\/wp\/v2\/posts\/438\/revisions"}],"predecessor-version":[{"id":447,"href":"https:\/\/blog.walcker.com\/index.php?rest_route=\/wp\/v2\/posts\/438\/revisions\/447"}],"wp:featuredmedia":[{"embeddable":true,"href":"https:\/\/blog.walcker.com\/index.php?rest_route=\/wp\/v2\/media\/445"}],"wp:attachment":[{"href":"https:\/\/blog.walcker.com\/index.php?rest_route=%2Fwp%2Fv2%2Fmedia&parent=438"}],"wp:term":[{"taxonomy":"category","embeddable":true,"href":"https:\/\/blog.walcker.com\/index.php?rest_route=%2Fwp%2Fv2%2Fcategories&post=438"},{"taxonomy":"post_tag","embeddable":true,"href":"https:\/\/blog.walcker.com\/index.php?rest_route=%2Fwp%2Fv2%2Ftags&post=438"}],"curies":[{"name":"wp","href":"https:\/\/api.w.org\/{rel}","templated":true}]}}